{"id":35,"date":"2023-04-07T18:01:29","date_gmt":"2023-04-07T15:01:29","guid":{"rendered":"https:\/\/isamesih.org\/web\/?p=35"},"modified":"2023-04-07T18:05:45","modified_gmt":"2023-04-07T15:05:45","slug":"isa-kimdir","status":"publish","type":"post","link":"https:\/\/isamesih.org\/web\/?p=35","title":{"rendered":"\u0130sa Kimdir"},"content":{"rendered":"\n<p class=\"has-medium-font-size\">Size g\u00f6re a\u015fa\u011f\u0131dakiler kime ait olabilir?\u2026<\/p>\n\n\n\n<p class=\"has-medium-font-size\">T\u00fcm zamanlar\u0131n en iyi ki\u015fisi?<br>En b\u00fcy\u00fck lider?<br>En b\u00fcy\u00fck \u00f6\u011fretmen?<br>\u0130nsanl\u0131k i\u00e7in en iyi \u015feyi yapm\u0131\u015f olan?<br>\u015eu ana dek en kutsal ya\u015fam\u0131\u015f olan ki\u015fi?<\/p>\n\n\n\n<p class=\"has-medium-font-size\">D\u00fcnyan\u0131n herhangi bir yerine gidin. Herhangi bir dinden biriyle konu\u015fun.<br>Dinlerine ne kadar ba\u011fl\u0131 olurlarsa olsunlar, tarih hakk\u0131nda bilgileri varsa, Nas\u0131ral\u0131 \u0130sa gibi tarihte ba\u015fka birinin olmad\u0131\u011f\u0131n\u0131 s\u00f6yleyeceklerdir. T\u00fcm zamanlar\u0131n en \u00f6zel ki\u015fisidir.<\/p>\n\n\n\n<p class=\"has-medium-font-size\">\u0130sa tarihin y\u00f6n\u00fcn\u00fc de\u011fi\u015ftirdir. Hatta bug\u00fcn okudu\u011funuz gazete, \u0130sa&#8217;n\u0131n d\u00fcnyada 2,000 y\u0131l \u00f6nce ya\u015fad\u0131\u011f\u0131 ger\u00e7e\u011finin tan\u0131kl\u0131\u011f\u0131n\u0131 yapacakt\u0131r.<\/p>\n\n\n\n<p class=\"has-medium-font-size\">\u0130.\u00d6.&#8217;n\u00fcn veya M.\u00d6.&#8217;nin anlam\u0131 &#8220;\u0130sa&#8217;dan \u00d6nce&#8221;dir.<\/p>\n\n\n\n<p class=\"has-medium-font-size\">GEL\u0130\u015e\u0130 \u00d6NCEDEN B\u0130LD\u0130R\u0130LD\u0130<\/p>\n\n\n\n<p class=\"has-medium-font-size\">\u0130sa&#8217;n\u0131n do\u011fumundan y\u00fczlerce y\u0131l \u00f6nce, Kutsal Yaz\u0131lar\u0131n kay\u0131tlar\u0131na g\u00f6re \u0130srail&#8217;deki peygamberlerin O&#8217;nun geli\u015fine ili\u015fkin \u00f6n bildiri de bulunmu\u015flard\u0131r.<\/p>\n\n\n\n<p class=\"has-medium-font-size\">1,500 y\u0131ldan fazla d\u00f6nem i\u00e7inde \u00e7ok say\u0131da yazar taraf\u0131ndan kaleme al\u0131nan Eski Antla\u015fma (Tevrat, Zebur ve \u0130ncil), O&#8217;nun geli\u015fini a\u00e7\u0131klayan 300&#8217;den fazla peygamberli\u011fi bar\u0131nd\u0131rmaktad\u0131r.<\/p>\n\n\n\n<p class=\"has-medium-font-size\">O&#8217;nun mucizevi do\u011fu\u015fu, g\u00fcnahs\u0131z ya\u015fam\u0131,yapt\u0131\u011f\u0131 bir\u00e7ok mucizeler, O&#8217;nun \u00f6l\u00fcm\u00fc ve dirili\u015fi detaylar\u0131n\u0131n t\u00fcm\u00fc ger\u00e7e\u011fe d\u00f6n\u00fc\u015ft\u00fc.<\/p>\n\n\n\n<p class=\"has-medium-font-size\">\u0130sa&#8217;n\u0131n s\u00fcrd\u00fcrd\u00fc\u011f\u00fc ya\u015fam,yapt\u0131\u011f\u0131 mucizler, O&#8217;nun s\u00f6zleri, \u00e7arm\u0131htaki \u00f6l\u00fcm\u00fc, dirili\u015fi ve g\u00f6\u011fe al\u0131n\u0131\u015f\u0131 &#8211; t\u00fcm bu ger\u00e7ekler O&#8217;nun sadece bir insan olmad\u0131\u011f\u0131n\u0131, insandan daha da \u00f6tesi oldu\u011funu i\u015faret etmektedir.<\/p>\n\n\n\n<p class=\"has-medium-font-size\">\u0130sa \u015funu s\u00f6yledi, &#8220;Ben ve Baba biriz&#8221; (Yuhanna 10:30),<br>&#8220;Beni g\u00f6rm\u00fc\u015f olan, Baba&#8217;y\u0131 g\u00f6rm\u00fc\u015ft\u00fcr.&#8221; (Yuhanna 14:9),<br>ve &#8220;Yol, ger\u00e7ek ve ya\u015fam ben&#8217;im; benim arac\u0131l\u0131\u011f\u0131m olmadan Baba&#8217;ya kimse gelemez.&#8221; (Yuhanna 14:6).<\/p>\n\n\n\n<p class=\"has-medium-font-size\">O&#8217;NUN YA\u015eAMI ve MESAJI DE\u011e\u0130\u015e\u0130ME NEDEN OLDU<\/p>\n\n\n\n<p class=\"has-medium-font-size\">Nas\u0131ral\u0131 \u0130sa&#8217;n\u0131n ya\u015fam\u0131na ve etkisine bak\u0131n. Mesih ve O&#8217;nun mesaj\u0131 tarih boyunca daima insanlar\u0131n ya\u015famlar\u0131nda ve \u00fclkelerinde b\u00fcy\u00fck de\u011fi\u015fimlere neden olmu\u015ftur.<\/p>\n\n\n\n<p class=\"has-medium-font-size\">O&#8217;nun \u00f6\u011freti\u015fi ve etkisi nereye gittiyse, evlili\u011fin kutsall\u0131\u011f\u0131, kad\u0131n haklar\u0131 ve sesler&#8217; topluluk taraf\u0131ndan tan\u0131nm\u0131\u015f;y\u00fcksek e\u011fitim okullar\u0131 ve \u00fcniversiteleri kurulmu\u015f ; \u00e7ocuklar\u0131 koruyan yasalar \u00e7\u0131kart\u0131lm\u0131\u015f; k\u00f6lelik feshedilmi\u015f; ve insanl\u0131k ad\u0131na say\u0131s\u0131z de\u011fi\u015fiklikler yap\u0131lm\u0131\u015ft\u0131r.<\/p>\n\n\n\n<p class=\"has-medium-font-size\">Ki\u015fisel ya\u015famdan inan\u0131lmaz de\u011fi\u015fikliklere u\u011fram\u0131\u015ft\u0131r. \u00d6rne\u011fin, \u00fcnl\u00fc general ve edebi deha Lew Wallace, ateist olarak biliniyordu.<\/p>\n\n\n\n<p class=\"has-medium-font-size\">\u0130ki y\u0131l boyunca Wallace, Avrupa ve Amerika k\u00fct\u00fcphanelerinden e\u011fitim ve bilgi alarak, Hristiyanl\u0131\u011f\u0131 sonsuza dek yok edecek bilgileri ara\u015ft\u0131rd\u0131.<br>Yazmay\u0131 planlad\u0131\u011f\u0131 kitab\u0131n\u0131n ikinci b\u00f6l\u00fcm\u00fcndeyken ,birden kendini \u0130sa&#8217;ya diz \u00e7\u00f6km\u00fc\u015f halde a\u011flarak seslenir halde buldu :&#8221;Rabbim ve Tanr\u0131m.&#8221;<\/p>\n\n\n\n<p class=\"has-medium-font-size\">Sa\u011flam kan\u0131tlar olmas\u0131ndan dolay\u0131, \u0130sa Mesih&#8217;in Tanr\u0131&#8217;n\u0131n O\u011flu oldu\u011funu daha fazla inkar edemezdi.<br>Sonra Lew Wallace Ben Hur isimli kitab\u0131 yazd\u0131, Mesih&#8217;in zaman\u0131na ili\u015fkin \u015fu ana dek yaz\u0131lm\u0131\u015f en \u00fcnl\u00fc \u0130ngilizce romanlardan biridir.<\/p>\n\n\n\n<p class=\"has-medium-font-size\">Benzer olarak, sonralar\u0131 C.S. Lewis isimli \u0130ngiltere&#8217;deki Oxford Universitesi&#8217;deki profes\u00f6r, Mesih&#8217;in tanr\u0131l\u0131\u011f\u0131n\u0131 y\u0131llarca reddeden bir Agnostik (bilinemezci) idi.<br>Fakat o da, ak\u0131lsal olarak d\u00fcr\u00fcst\u00e7e, \u0130sa&#8217;n\u0131n tanr\u0131sall\u0131\u011f\u0131na ili\u015fkin \u00e7ok kan\u0131tlar\u0131 incelemeleri sonucunda, \u0130sa&#8217;y\u0131 Rabbi ve Kurtar\u0131c\u0131s\u0131 olarak kabul etti.<\/p>\n\n\n\n<p class=\"has-medium-font-size\">RAB, YALANCI VEYA DEL\u0130<\/p>\n\n\n\n<p class=\"has-medium-font-size\">Sadece Hristiyanl\u0131k isimli \u00fcnl\u00fc kitab\u0131nda, Lewis \u015fu a\u00e7\u0131klamay\u0131 yapar, &#8220;Bir insan, \u0130sa&#8217;n\u0131n s\u00f6yledikleri gibi \u015feyleri s\u00f6yleyen ki\u015fi sadece b\u00fcy\u00fck ahlaki bir insan olamaz.<\/p>\n\n\n\n<p class=\"has-medium-font-size\">Deli olabilir &#8211; t\u0131pk\u0131 kendisinin kaynam\u0131\u015f yumurta oldu\u011funu s\u00f6yleyen bir adam gibi- veya Cehennemin \u015feytan\u0131 olabilir.<br>Se\u00e7imizini yapmal\u0131s\u0131n\u0131z. Tanr\u0131&#8217;n\u0131n O\u011fluydu veya O\u011fludur, \u00e7\u0131lg\u0131n biri veya daha da k\u00f6t\u00fc biri diyebilirsiniz.<br>O&#8217;nu bir aptal olarak de\u011ferlendirip bu konuyu kapatabilir veya O&#8217;nun ayaklar\u0131na kapan\u0131p, Rab ve Tanr\u0131&#8217;n\u0131z olarak seslenebilirsiniz.<br>Fakat l\u00fctfen O&#8217;nun b\u00fcy\u00fck bir \u00f6\u011fretmen oldu\u011funu ispatlamaya \u00e7al\u0131\u015fmayal\u0131m.<br>\u00c7\u00fcnk\u00fc bu \u00f6zellik i\u00e7in bize a\u00e7\u0131k kap\u0131 b\u0131rakmad\u0131.&#8221;<\/p>\n\n\n\n<p class=\"has-medium-font-size\">Nas\u0131ral\u0131 \u0130sa sizin g\u00f6re kimdir?<\/p>\n\n\n\n<p class=\"has-medium-font-size\">Ya\u015fam\u0131n\u0131z sonsuza dek bu soruya verdi\u011finiz yan\u0131ta g\u00f6re belirlenecektir.<\/p>\n\n\n\n<p class=\"has-medium-font-size\">Di\u011fer t\u00fcm dinler insanlar taraf\u0131ndan kuruldu ve insan filozoflara, kurallara ve ahlaki normlara dayal\u0131d\u0131r.<br>Bu dinlerin kurucular\u0131n\u0131n disiplin ve tap\u0131nma y\u00f6ntemlerini \u00e7\u0131kar\u0131rsan\u0131z, dindeki de\u011fi\u015fim az olacakt\u0131r.<br>Fakat Hristiyanl\u0131ktan \u0130sa Mesih&#8217;i \u00e7\u0131kar\u0131rsan\u0131z, ve geriye hi\u00e7bir \u015fey kalmayacakt\u0131r.<br>Kutsal Kitap Hristiyanl\u0131\u011f\u0131 sadece ya\u015fam\u0131n bir felsefesi de\u011fil, veya ahlaki standart veya dini ayinlere itaat de\u011fildir.<br>Ger\u00e7ek Hristiyanl\u0131k ya\u015fayan, dirilmi\u015f Kurtar\u0131c\u0131 ve Rab ile hayati \u00f6neme sahip ki\u015fisel ili\u015fkiye dayan\u0131r.<\/p>\n\n\n\n<p class=\"has-medium-font-size\">D\u0130R\u0130LM\u0130\u015e KURUCU<\/p>\n\n\n\n<p class=\"has-medium-font-size\">Nas\u0131ral\u0131 \u0130sa \u00e7arm\u0131ha bir gerildi, \u00f6d\u00fcn\u00e7 al\u0131nm\u0131\u015f bir mezara g\u00f6m\u00fcld\u00fc, ve \u00fc\u00e7 g\u00fcn sonra \u00f6l\u00fcmden dirildi; Hristiyanl\u0131k bu konuda tektir.<\/p>\n\n\n\n<p class=\"has-medium-font-size\">Hristiyanl\u0131\u011f\u0131n ge\u00e7erlili\u011fine ili\u015fkin herhangi bir tart\u0131\u015fma, Nas\u0131ral\u0131 \u0130sa&#8217;n\u0131n dirili\u015fine ili\u015fkin kan\u0131tlar\u0131n ispat\u0131na ba\u011fl\u0131d\u0131r.<\/p>\n\n\n\n<p class=\"has-medium-font-size\">Y\u00fczy\u0131llar boyunca , en b\u00fcy\u00fck Hristiyan ilahiyat\u00e7\u0131lar dirili\u015fe ili\u015fkin kan\u0131tlar\u0131 incelediler,\u0130sa&#8217;n\u0131n diri oldu\u011funa inand\u0131lar ve \u0130sa&#8217;n\u0131n hala diri oldu\u011funa inanmaktalar.<\/p>\n\n\n\n<p class=\"has-medium-font-size\">\u0130ncil yazarlar\u0131 taraf\u0131ndan dirili\u015fe ili\u015fkin kan\u0131tlar\u0131 inceledikten sonra, Harvard Hukuk okulunda yasal sorunlar \u00fczerine yetkili olan Simon Greenleaf \u015fu sonuca vard\u0131; &#8220;\u0130sa&#8217;n\u0131n ger\u00e7ekten \u00f6l\u00fcmden dirilmemi\u015f oldu\u011funa di\u011fer ger\u00e7ekler kadar inanmam\u0131\u015f olsalard\u0131, anlatm\u0131\u015f olduklar\u0131 hikayelerin ger\u00e7ekli\u011fine inanmamalar\u0131 m\u00fcmk\u00fcn olurdu.&#8221;<\/p>\n\n\n\n<p class=\"has-medium-font-size\">\u0130ngiliz yasa konular\u0131nda en b\u00fcy\u00fck isimlerden biri olan John Singleton Copley&#8217;in yorumu: &#8220;Kan\u0131t\u0131n ne oldu\u011funu \u00e7ok iyi biliyorum ve size diyorum ki, dirili\u015f gibi bir kan\u0131t hi\u00e7bir zaman inkar edilememi\u015ftir.&#8221;<\/p>\n\n\n\n<p class=\"has-medium-font-size\">\u0130NANMAK \u0130\u00c7\u0130N NEDENLER<\/p>\n\n\n\n<p class=\"has-medium-font-size\">Dirili\u015f Hristiyan iman\u0131n merkezidir.<br>Dirili\u015fi ara\u015ft\u0131r\u0131pta ger\u00e7ek oldu\u011funu ke\u015ffedenlerin nedenlerinin baz\u0131lar\u0131 a\u015fa\u011f\u0131dakilerdir:<\/p>\n\n\n\n<p class=\"has-medium-font-size\">\u00d6NCEDEN B\u0130LD\u0130R\u0130LD\u0130:<\/p>\n\n\n\n<p class=\"has-medium-font-size\">\u0130lk olarak, \u0130sa&#8217;n\u0131n kendisi, kendi \u00f6l\u00fcm\u00fc ve dirili\u015fini \u00f6nceden bildiri ve aynen s\u00f6yledi\u011fi gibi ger\u00e7ekle\u015fti. ( Luka 18:31-33)<\/p>\n\n\n\n<p class=\"has-medium-font-size\">BO\u015e MEZAR:<\/p>\n\n\n\n<p class=\"has-medium-font-size\">ikinci olarak, Bo\u015f mezara ili\u015fkin en makul a\u00e7\u0131klama O&#8217;nun dirili\u015fidir.<br>\u0130ncil&#8217;deki yaz\u0131lar\u0131 dikkatlice okuduk\u00e7a, \u0130sa&#8217;n\u0131n bedenini bulundu\u011fu mezar\u0131n Romal\u0131 askerlerce dikkatlice korundu\u011funu ve b\u00fcy\u00fck bir kaya par\u00e7as\u0131 ile m\u00fch\u00fcrlendi\u011fini g\u00f6r\u00fcr\u00fcz.<br>E\u011fer, baz\u0131lar\u0131n\u0131n iddia etti\u011fi gibi \u0130sa \u00f6lmemi\u015f sadece g\u00fc\u00e7s\u00fczle\u015fmi\u015f olsayd\u0131, \u0130sa&#8217;n\u0131n mezardan ka\u00e7\u0131\u015f\u0131n\u0131 veya \u00f6\u011frencilerinin O&#8217;nu kurtarmaya y\u00f6nelik giri\u015fimlerini Romal\u0131 askerler ve b\u00fcy\u00fck kaya par\u00e7as\u0131 durdurmaya yeterdi.<br>\u0130sa&#8217;n\u0131n d\u00fc\u015fmanlar\u0131 O&#8217;nun bedenini asla almazlard\u0131 \u00e7\u00fcnk\u00fc O&#8217;nun bedenini mezardan kay\u0131p olmas\u0131 demek \u0130sa&#8217;n\u0131n dirildi\u011fine ili\u015fkin \u0130sa&#8217;n\u0131n \u00f6\u011frencileri g\u00fc\u00e7lendirirdi.<\/p>\n\n\n\n<p class=\"has-medium-font-size\">K\u0130\u015e\u0130SEL KAR\u015eILA\u015eMA:<\/p>\n\n\n\n<p class=\"has-medium-font-size\">\u00dc\u00e7\u00fcnc\u00fc, \u0130sa&#8217;n\u0131n \u00f6\u011frencilerine g\u00f6r\u00fcnmesi dirili\u015fin tek a\u00e7\u0131klamas\u0131d\u0131r.<br>O&#8217;nun dirili\u015finden sonra, \u0130sa en az\u0131ndan 10 kez kendisini tan\u0131yanlara g\u00f6r\u00fcnd\u00fc ve bir kez ayn\u0131 anda 500 kadar ki\u015fiye g\u00f6r\u00fcnd\u00fc.<br>Rab bu g\u00f6r\u00fcnmelerin bir halusinasyon olmad\u0131\u011f\u0131n\u0131 onlara g\u00f6sterdi : Onlarla yemek yedi, konu\u015ftu ve onlar \u0130sa&#8217;ya dokundular. ( 1 Yuhanna 1:1)<\/p>\n\n\n\n<p class=\"has-medium-font-size\">K\u0130L\u0130SEN\u0130N DO\u011eU\u015eU:<\/p>\n\n\n\n<p class=\"has-medium-font-size\">D\u00f6rd\u00fcnc\u00fc, Kilisenin ba\u015flamas\u0131n\u0131n tek a\u00e7\u0131klamas\u0131 \u0130sa&#8217;n\u0131n dirili\u015fidir.<br>D\u00fcnya tarihindeki \u015fu ana dek varolan en b\u00fcy\u00fck kurum Hristiyan kiliseleridir.<br>Petrus&#8217;un verdi\u011fi ilk vaaz\u0131n yar\u0131s\u0131ndan fazlas\u0131 dirili\u015f ile ilgiliydi. (El\u00e7.\u0130\u015fl. 2:14-36).<br>A\u00e7\u0131k\u00e7as\u0131, \u0130lk kiliseler mesajlar\u0131n\u0131n temelinin bu oldu\u011funu biliyorlard\u0131.<br>\u0130sa&#8217;n\u0131n d\u00fc\u015fmanlar\u0131 veya O&#8217;nun \u00f6\u011frencileri kilisenin b\u00fcy\u00fcmesini, \u0130sa&#8217;n\u0131n cesedini ortaya \u00e7\u0131kararak herhangi bir zaman durdurabilirlerdi.<\/p>\n\n\n\n<p class=\"has-medium-font-size\">DE\u011e\u0130\u015eEN YA\u015eAMLAR:<\/p>\n\n\n\n<p class=\"has-medium-font-size\">Be\u015finci, El\u00e7ilerin ya\u015famlar\u0131ndaki de\u011fi\u015fimin tek mant\u0131kl\u0131 a\u00e7\u0131klamas\u0131 \u0130sa&#8217;n\u0131n dirili\u015fidir.<br>Dirili\u015ften \u00f6nce \u0130sa&#8217;y\u0131 terkettiler; O&#8217;nun \u00f6l\u00fcm\u00fcnden sonra cesaretleri k\u0131r\u0131ld\u0131 ve korktular. \u0130sa&#8217;n\u0131n \u00f6l\u00fcmden dirilece\u011fini beklemiyorlard\u0131 (Luka 24:1-11).<\/p>\n\n\n\n<p class=\"has-medium-font-size\">O&#8217;nun dirili\u015finden sonra ve Pentekost deneyimininden sonra ayn\u0131 bu cesaretsiz ve hayalk\u0131r\u0131kl\u0131\u011f\u0131na u\u011fram\u0131\u015f ki\u015filer, Mesih&#8217;in dirili\u015finin g\u00fcc\u00fcyle de\u011fi\u015fime u\u011frad\u0131lar.<br>O&#8217;nun ismiyle, d\u00fcnyay\u0131 alt \u00fcst ettiler.<br>Bir\u00e7o\u011fu inan\u00e7lar\u0131 u\u011fruna \u00f6ld\u00fcr\u00fcld\u00fcler; di\u011ferlerine ise zulm edildi.<br>Cesaret davran\u0131\u015flar\u0131, \u0130sa Mesih&#8217;in ger\u00e7ekten dirildi\u011fine ili\u015fkin inan\u00e7lar\u0131n\u0131, onlar\u0131 \u00f6l\u00fcme dek ta\u015f\u0131d\u0131.<\/p>\n\n\n\n<p class=\"has-medium-font-size\">\u00dcniversite d\u00fcnyas\u0131nda 40 y\u0131ld\u0131r ayd\u0131n ki\u015filerle beraberim, \u015fu ana dek, Nas\u0131ral\u0131 \u0130sa&#8217;n\u0131n dirili\u015fi ve Tanr\u0131l\u0131\u011f\u0131na ili\u015fkin ola\u011fan\u00fcst\u00fc kan\u0131tlar\u0131 g\u00f6r\u00fcpte, O&#8217;nun Tanr\u0131&#8217;n\u0131n O\u011flu,vaad edilen Mesih oldu\u011funu inkar eden birine rastlamad\u0131m.<br>Baz\u0131lar\u0131 \u0130sa&#8217;ya inanmalar\u0131n\u0131, d\u00fcr\u00fcst\u00e7e \u015f\u00f6yle itiraf ediyorlar :&#8221;Kutsal Kitab\u0131 okumak i\u00e7in zaman ay\u0131rmad\u0131m veya \u0130sa&#8217;n\u0131n tarihsel ger\u00e7ekleri \u00fczerinde d\u00fc\u015f\u00fcnmedim.&#8221;<\/p>\n\n\n\n<p class=\"has-medium-font-size\">YA\u015eAYAN RAB :<\/p>\n\n\n\n<p class=\"has-medium-font-size\">\u0130sa&#8217;n\u0131n dirili\u015finden dolay\u0131, O&#8217;nun izleyicileri sadece \u00f6l\u00fc bir kurucunun ahlaki prensiplerini kabul etmediler, fakar ya\u015fayan Tanr\u0131&#8217;yla ki\u015fisel ve hayati ili\u015fkiye sahip oldular.<br>\u0130sa Mesih bug\u00fcn, kendine g\u00fcvenen ve itaat eden herkesi sad\u0131k bir \u015fekilde bereketlemekte, zenginle\u015ftirmekte ve ya\u015famaktad\u0131r.<br>Y\u00fczy\u0131llar boyunca, d\u00fcnyada b\u00fcy\u00fck etkileri olanlarla beraber herkes \u0130sa Mesih&#8217;in de\u011ferini tan\u0131d\u0131 ve kabul etti.<\/p>\n\n\n\n<p class=\"has-medium-font-size\">Frans\u0131z fizik\u00e7i ve filozof Blaise Pascal,insan\u0131n \u0130sa&#8217;ya olan ihtiyac\u0131n\u0131 \u015f\u00f6yle belirti: &#8220;Her insan\u0131n y\u00fcre\u011finde Tanr\u0131 taraf\u0131nda yarat\u0131lm\u0131\u015f ve yaln\u0131zca Tanr\u0131&#8217;n\u0131n Kendi O\u011flu \u0130sa Mesih ile doldurabilece\u011fi bir bo\u015fluk vard\u0131r.&#8221;<\/p>\n\n\n\n<p class=\"has-medium-font-size\">\u0130sa Mesih&#8217;i ki\u015fisel olarak ya\u015fayan Kurtar\u0131c\u0131n\u0131z olarak bilmek ister misiniz?<\/p>\n\n\n\n<p class=\"has-medium-font-size\">\u0130sa sizin i\u00e7in gerekli her\u015feyi haz\u0131rlad\u0131 ve sizinle ki\u015fisel ili\u015fkiye girmek i\u00e7in sizi beklemektedir.<\/p>\n","protected":false},"excerpt":{"rendered":"<p>Size g\u00f6re a\u015fa\u011f\u0131dakiler kime ait olabilir?\u2026 T\u00fcm zamanlar\u0131n en iyi ki\u015fisi?En b\u00fcy\u00fck lider?En b\u00fcy\u00fck \u00f6\u011fretmen?\u0130nsanl\u0131k i\u00e7in en iyi \u015feyi yapm\u0131\u015f olan?\u015eu ana dek en kutsal ya\u015fam\u0131\u015f olan ki\u015fi? D\u00fcnyan\u0131n herhangi bir yerine gidin. Herhangi bir dinden biriyle konu\u015fun.Dinlerine ne kadar ba\u011fl\u0131 olurlarsa olsunlar, tarih hakk\u0131nda bilgileri varsa, Nas\u0131ral\u0131 \u0130sa gibi tarihte ba\u015fka birinin olmad\u0131\u011f\u0131n\u0131 s\u00f6yleyeceklerdir. [&hellip;]<\/p>\n","protected":false},"author":1,"featured_media":0,"comment_status":"closed","ping_status":"closed","sticky":true,"template":"","format":"standard","meta":{"ocean_post_layout":"","ocean_both_sidebars_style":"","ocean_both_sidebars_content_width":0,"ocean_both_sidebars_sidebars_width":0,"ocean_sidebar":"","ocean_second_sidebar":"","ocean_disable_margins":"enable","ocean_add_body_class":"","ocean_shortcode_before_top_bar":"","ocean_shortcode_after_top_bar":"","ocean_shortcode_before_header":"","ocean_shortcode_after_header":"","ocean_has_shortcode":"","ocean_shortcode_after_title":"","ocean_shortcode_before_footer_widgets":"","ocean_shortcode_after_footer_widgets":"","ocean_shortcode_before_footer_bottom":"","ocean_shortcode_after_footer_bottom":"","ocean_display_top_bar":"default","ocean_display_header":"default","ocean_header_style":"","ocean_center_header_left_menu":"","ocean_custom_header_template":"","ocean_custom_logo":0,"ocean_custom_retina_logo":0,"ocean_custom_logo_max_width":0,"ocean_custom_logo_tablet_max_width":0,"ocean_custom_logo_mobile_max_width":0,"ocean_custom_logo_max_height":0,"ocean_custom_logo_tablet_max_height":0,"ocean_custom_logo_mobile_max_height":0,"ocean_header_custom_menu":"","ocean_menu_typo_font_family":"","ocean_menu_typo_font_subset":"","ocean_menu_typo_font_size":0,"ocean_menu_typo_font_size_tablet":0,"ocean_menu_typo_font_size_mobile":0,"ocean_menu_typo_font_size_unit":"px","ocean_menu_typo_font_weight":"","ocean_menu_typo_font_weight_tablet":"","ocean_menu_typo_font_weight_mobile":"","ocean_menu_typo_transform":"","ocean_menu_typo_transform_tablet":"","ocean_menu_typo_transform_mobile":"","ocean_menu_typo_line_height":0,"ocean_menu_typo_line_height_tablet":0,"ocean_menu_typo_line_height_mobile":0,"ocean_menu_typo_line_height_unit":"","ocean_menu_typo_spacing":0,"ocean_menu_typo_spacing_tablet":0,"ocean_menu_typo_spacing_mobile":0,"ocean_menu_typo_spacing_unit":"","ocean_menu_link_color":"","ocean_menu_link_color_hover":"","ocean_menu_link_color_active":"","ocean_menu_link_background":"","ocean_menu_link_hover_background":"","ocean_menu_link_active_background":"","ocean_menu_social_links_bg":"","ocean_menu_social_hover_links_bg":"","ocean_menu_social_links_color":"","ocean_menu_social_hover_links_color":"","ocean_disable_title":"default","ocean_disable_heading":"default","ocean_post_title":"","ocean_post_subheading":"","ocean_post_title_style":"","ocean_post_title_background_color":"","ocean_post_title_background":0,"ocean_post_title_bg_image_position":"","ocean_post_title_bg_image_attachment":"","ocean_post_title_bg_image_repeat":"","ocean_post_title_bg_image_size":"","ocean_post_title_height":0,"ocean_post_title_bg_overlay":0.5,"ocean_post_title_bg_overlay_color":"","ocean_disable_breadcrumbs":"default","ocean_breadcrumbs_color":"","ocean_breadcrumbs_separator_color":"","ocean_breadcrumbs_links_color":"","ocean_breadcrumbs_links_hover_color":"","ocean_display_footer_widgets":"default","ocean_display_footer_bottom":"default","ocean_custom_footer_template":"","ocean_post_oembed":"","ocean_post_self_hosted_media":"","ocean_post_video_embed":"","ocean_link_format":"","ocean_link_format_target":"self","ocean_quote_format":"","ocean_quote_format_link":"post","ocean_gallery_link_images":"on","ocean_gallery_id":[],"footnotes":""},"categories":[1],"tags":[],"class_list":["post-35","post","type-post","status-publish","format-standard","hentry","category-genel","entry"],"_links":{"self":[{"href":"https:\/\/isamesih.org\/web\/index.php?rest_route=\/wp\/v2\/posts\/35","targetHints":{"allow":["GET"]}}],"collection":[{"href":"https:\/\/isamesih.org\/web\/index.php?rest_route=\/wp\/v2\/posts"}],"about":[{"href":"https:\/\/isamesih.org\/web\/index.php?rest_route=\/wp\/v2\/types\/post"}],"author":[{"embeddable":true,"href":"https:\/\/isamesih.org\/web\/index.php?rest_route=\/wp\/v2\/users\/1"}],"replies":[{"embeddable":true,"href":"https:\/\/isamesih.org\/web\/index.php?rest_route=%2Fwp%2Fv2%2Fcomments&post=35"}],"version-history":[{"count":2,"href":"https:\/\/isamesih.org\/web\/index.php?rest_route=\/wp\/v2\/posts\/35\/revisions"}],"predecessor-version":[{"id":37,"href":"https:\/\/isamesih.org\/web\/index.php?rest_route=\/wp\/v2\/posts\/35\/revisions\/37"}],"wp:attachment":[{"href":"https:\/\/isamesih.org\/web\/index.php?rest_route=%2Fwp%2Fv2%2Fmedia&parent=35"}],"wp:term":[{"taxonomy":"category","embeddable":true,"href":"https:\/\/isamesih.org\/web\/index.php?rest_route=%2Fwp%2Fv2%2Fcategories&post=35"},{"taxonomy":"post_tag","embeddable":true,"href":"https:\/\/isamesih.org\/web\/index.php?rest_route=%2Fwp%2Fv2%2Ftags&post=35"}],"curies":[{"name":"wp","href":"https:\/\/api.w.org\/{rel}","templated":true}]}}